{"id":3797,"date":"2026-08-21T09:00:00","date_gmt":"2026-08-21T09:00:00","guid":{"rendered":"https:\/\/marcasja.com.br\/blog\/?p=3797"},"modified":"2026-08-31T13:18:36","modified_gmt":"2026-08-31T13:18:36","slug":"site-proprio-ou-so-instagram-onde-sua-marca-constroi-mais-autoridade","status":"publish","type":"post","link":"https:\/\/marcasja.com.br\/blog\/site-proprio-ou-so-instagram-onde-sua-marca-constroi-mais-autoridade\/","title":{"rendered":"SITE PR\u00d3PRIO OU S\u00d3 INSTAGRAM: ONDE SUA MARCA CONSTR\u00d3I MAIS AUTORIDADE?"},"content":{"rendered":"\n<figure class=\"wp-block-image size-large\"><img decoding=\"async\" width=\"1024\" height=\"683\" data-src=\"https:\/\/marcasja.com.br\/blog\/wp-content\/uploads\/2026\/08\/ChatGPT-Image-31-de-ago.-de-2026-10_17_32-1024x683.png\" alt=\"SITE PR\u00d3PRIO OU S\u00d3 INSTAGRAM: ONDE SUA MARCA CONSTR\u00d3I MAIS AUTORIDADE?\" class=\"wp-image-3799 lazyload\" data-srcset=\"https:\/\/marcasja.com.br\/blog\/wp-content\/uploads\/2026\/08\/ChatGPT-Image-31-de-ago.-de-2026-10_17_32-1024x683.png 1024w, https:\/\/marcasja.com.br\/blog\/wp-content\/uploads\/2026\/08\/ChatGPT-Image-31-de-ago.-de-2026-10_17_32-300x200.png 300w, https:\/\/marcasja.com.br\/blog\/wp-content\/uploads\/2026\/08\/ChatGPT-Image-31-de-ago.-de-2026-10_17_32-768x512.png 768w, https:\/\/marcasja.com.br\/blog\/wp-content\/uploads\/2026\/08\/ChatGPT-Image-31-de-ago.-de-2026-10_17_32.png 1536w\" data-sizes=\"(max-width: 1024px) 100vw, 1024px\" src=\"data:image\/gif;base64,R0lGODlhAQABAAAAACH5BAEKAAEALAAAAAABAAEAAAICTAEAOw==\" style=\"--smush-placeholder-width: 1024px; --smush-placeholder-aspect-ratio: 1024\/683;\" \/><\/figure>\n\n\n\n<p class=\"wp-block-paragraph\">Escolher entre <strong>site pr\u00f3prio ou Instagram<\/strong> \u00e9 uma d\u00favida comum entre empreendedores. Afinal, os dois canais ajudam uma marca a aparecer, conversar com o p\u00fablico e conquistar clientes. No entanto, eles cumprem fun\u00e7\u00f5es diferentes. Para construir autoridade com mais seguran\u00e7a, o melhor caminho costuma ser combinar alcance nas redes sociais com uma estrutura digital pr\u00f3pria.<\/p>\n\n\n\n<p class=\"wp-block-paragraph\">O Instagram aproxima pessoas e favorece conversas r\u00e1pidas. Por outro lado, o site organiza informa\u00e7\u00f5es, transmite estabilidade e amplia a presen\u00e7a da empresa no Google. Al\u00e9m disso, nenhum desses canais substitui o registro da marca no INPI. Cada parte protege ou fortalece um aspecto diferente do neg\u00f3cio.<\/p>\n\n\n\n<h2 class=\"wp-block-heading\">SITE PR\u00d3PRIO OU INSTAGRAM: QUAL \u00c9 A RESPOSTA DIRETA?<\/h2>\n\n\n\n<p class=\"wp-block-paragraph\">Se a pergunta for qual canal gera intera\u00e7\u00e3o mais r\u00e1pida, o Instagram pode levar vantagem. Contudo, se a meta for construir uma base digital duradoura, o site pr\u00f3prio oferece mais controle.<\/p>\n\n\n\n<p class=\"wp-block-paragraph\">Isso n\u00e3o significa que uma empresa precise abandonar as redes sociais. Pelo contr\u00e1rio, Instagram e site funcionam melhor quando atuam juntos. Enquanto a rede social desperta interesse, o site apresenta a empresa com profundidade e conduz o visitante ao pr\u00f3ximo passo.<\/p>\n\n\n\n<p class=\"wp-block-paragraph\">Portanto, a decis\u00e3o n\u00e3o deveria ser \u201cum ou outro\u201d para sempre. O ponto central \u00e9 entender qual fun\u00e7\u00e3o cada canal ter\u00e1 na estrat\u00e9gia da marca.<\/p>\n\n\n\n<h2 class=\"wp-block-heading\">O QUE O INSTAGRAM FAZ BEM PELA SUA MARCA?<\/h2>\n\n\n\n<p class=\"wp-block-paragraph\">O Instagram facilita a descoberta de produtos, servi\u00e7os e profissionais. Al\u00e9m disso, permite publicar novidades, bastidores, demonstra\u00e7\u00f5es e opini\u00f5es de clientes. Essa proximidade ajuda a humanizar a comunica\u00e7\u00e3o.<\/p>\n\n\n\n<p class=\"wp-block-paragraph\">Por exemplo, uma cl\u00ednica pode mostrar sua equipe e explicar d\u00favidas frequentes. Da mesma forma, uma loja pode apresentar lan\u00e7amentos e responder perguntas pelos coment\u00e1rios ou pelas mensagens diretas.<\/p>\n\n\n\n<p class=\"wp-block-paragraph\">Outro benef\u00edcio \u00e9 a velocidade. Afinal, um conte\u00fado pode ser produzido e compartilhado em poucos minutos. Assim, a marca consegue acompanhar assuntos atuais e testar diferentes formatos.<\/p>\n\n\n\n<p class=\"wp-block-paragraph\">No entanto, seguidores e curtidas n\u00e3o representam, sozinhos, autoridade. Um perfil movimentado pode chamar aten\u00e7\u00e3o, mas o cliente ainda buscar\u00e1 informa\u00e7\u00f5es antes de comprar. Em geral, ele quer saber quem est\u00e1 por tr\u00e1s da empresa, quais solu\u00e7\u00f5es s\u00e3o oferecidas e como entrar em contato.<\/p>\n\n\n\n<h2 class=\"wp-block-heading\">QUAL \u00c9 O RISCO DE DEPENDER SOMENTE DO INSTAGRAM?<\/h2>\n\n\n\n<p class=\"wp-block-paragraph\">Ao usar apenas o Instagram, a empresa constr\u00f3i sua presen\u00e7a dentro de uma plataforma que n\u00e3o controla. Portanto, mudan\u00e7as no alcance, nas regras ou nos recursos podem afetar a comunica\u00e7\u00e3o com o p\u00fablico.<\/p>\n\n\n\n<p class=\"wp-block-paragraph\">Al\u00e9m disso, uma conta pode sofrer bloqueios, invas\u00f5es ou limita\u00e7\u00f5es tempor\u00e1rias. Mesmo quando o problema \u00e9 resolvido, a empresa pode perder contatos e oportunidades durante esse per\u00edodo.<\/p>\n\n\n\n<p class=\"wp-block-paragraph\">Existe tamb\u00e9m uma limita\u00e7\u00e3o de organiza\u00e7\u00e3o. Embora o perfil permita destaques e links, conte\u00fados antigos podem ficar dif\u00edceis de localizar. Dessa forma, perguntas importantes acabam se repetindo no atendimento.<\/p>\n\n\n\n<p class=\"wp-block-paragraph\">Por fim, o formato da plataforma limita a apresenta\u00e7\u00e3o da marca. O neg\u00f3cio precisa adaptar textos, imagens e ofertas \u00e0s ferramentas dispon\u00edveis. Ou seja, a empresa participa de um ambiente emprestado e sujeito a mudan\u00e7as.<\/p>\n\n\n\n<h2 class=\"wp-block-heading\">POR QUE UM SITE PR\u00d3PRIO AJUDA A CONSTRUIR AUTORIDADE?<\/h2>\n\n\n\n<p class=\"wp-block-paragraph\">Um site pr\u00f3prio funciona como a sede digital da empresa. Nele, a marca decide como apresentar sua hist\u00f3ria, seus servi\u00e7os, seus diferenciais e seus canais de contato.<\/p>\n\n\n\n<p class=\"wp-block-paragraph\">Al\u00e9m disso, o site permite organizar cada assunto em uma p\u00e1gina espec\u00edfica. Assim, o visitante encontra respostas sem depender de uma sequ\u00eancia de publica\u00e7\u00f5es ou de conversas no direct.<\/p>\n\n\n\n<p class=\"wp-block-paragraph\">Quando bem estruturado, um <a href=\"https:\/\/www.sobrero.com.br\/solucoes\">site de autoridade<\/a> tamb\u00e9m transmite profissionalismo. Ele pode reunir informa\u00e7\u00f5es institucionais, portf\u00f3lio, perguntas frequentes, artigos e formas de atendimento. Como resultado, o poss\u00edvel cliente entende melhor a empresa antes de iniciar uma conversa.<\/p>\n\n\n\n<p class=\"wp-block-paragraph\">O site tamb\u00e9m abre espa\u00e7o para aparecer em pesquisas no Google. Contudo, ter um dom\u00ednio n\u00e3o garante boas posi\u00e7\u00f5es automaticamente. \u00c9 necess\u00e1rio publicar conte\u00fado \u00fatil, cuidar da parte t\u00e9cnica e manter as p\u00e1ginas atualizadas.<\/p>\n\n\n\n<p class=\"wp-block-paragraph\">Portanto, o site n\u00e3o deve ser visto como um cart\u00e3o de visitas parado. Ele pode ser uma estrutura ativa de informa\u00e7\u00e3o, confian\u00e7a e capta\u00e7\u00e3o de contatos.<\/p>\n\n\n\n<h2 class=\"wp-block-heading\">UM SITE SUBSTITUI O INSTAGRAM?<\/h2>\n\n\n\n<p class=\"wp-block-paragraph\">N\u00e3o. Embora o site ofere\u00e7a mais controle, ele n\u00e3o reproduz toda a din\u00e2mica de uma rede social. O Instagram \u00e9 \u00fatil para relacionamento, distribui\u00e7\u00e3o de conte\u00fado e contato frequente.<\/p>\n\n\n\n<p class=\"wp-block-paragraph\">Por outro lado, o site recebe pessoas que desejam conhecer melhor a empresa. Muitas vezes, esse visitante j\u00e1 est\u00e1 comparando op\u00e7\u00f5es ou procurando uma solu\u00e7\u00e3o espec\u00edfica.<\/p>\n\n\n\n<p class=\"wp-block-paragraph\">Assim, os canais podem trabalhar em sequ\u00eancia. Uma publica\u00e7\u00e3o desperta o interesse. Em seguida, o link leva o usu\u00e1rio para uma p\u00e1gina com informa\u00e7\u00f5es completas. Finalmente, o visitante solicita atendimento, or\u00e7amento ou agendamento.<\/p>\n\n\n\n<p class=\"wp-block-paragraph\">Essa jornada tende a ser mais clara do que concentrar tudo em mensagens privadas. Al\u00e9m disso, a empresa reduz perguntas repetidas e melhora a experi\u00eancia de quem busca informa\u00e7\u00f5es.<\/p>\n\n\n\n<h2 class=\"wp-block-heading\">SITE E INSTAGRAM TAMB\u00c9M FORTALECEM O POSICIONAMENTO DA MARCA<\/h2>\n\n\n\n<p class=\"wp-block-paragraph\">Posicionamento \u00e9 a percep\u00e7\u00e3o que o p\u00fablico forma sobre uma empresa. Portanto, n\u00e3o depende apenas do logotipo ou das cores. A clareza da mensagem, a qualidade das informa\u00e7\u00f5es e a experi\u00eancia de contato tamb\u00e9m influenciam essa percep\u00e7\u00e3o.<\/p>\n\n\n\n<p class=\"wp-block-paragraph\">No Instagram, o posicionamento aparece no conte\u00fado e na forma de conversar. J\u00e1 no site, ele se revela na organiza\u00e7\u00e3o das p\u00e1ginas, nos argumentos e na apresenta\u00e7\u00e3o das solu\u00e7\u00f5es.<\/p>\n\n\n\n<p class=\"wp-block-paragraph\">Por isso, a comunica\u00e7\u00e3o precisa ser coerente nos dois ambientes. Se o perfil promete atendimento simples, mas o site \u00e9 confuso, a confian\u00e7a diminui. Da mesma forma, um site profissional perde for\u00e7a quando a rede social parece abandonada.<\/p>\n\n\n\n<p class=\"wp-block-paragraph\">Com efeito, autoridade surge da repeti\u00e7\u00e3o de sinais positivos. Nome, identidade visual, linguagem e proposta precisam apontar para a mesma dire\u00e7\u00e3o. Esse cuidado complementa o trabalho de <a href=\"https:\/\/marcasja.com.br\/blog\/marca-forte-vende-mais-como-o-posicionamento-de-marca-influencia-a-decisao-de-compra\/\">posicionamento de marca<\/a>.<\/p>\n\n\n\n<h2 class=\"wp-block-heading\">ONDE ENTRA O REGISTRO DA MARCA NO INPI?<\/h2>\n\n\n\n<p class=\"wp-block-paragraph\">Site, dom\u00ednio e perfil social ajudam a construir presen\u00e7a digital. Entretanto, eles n\u00e3o concedem a mesma prote\u00e7\u00e3o jur\u00eddica de um registro de marca.<\/p>\n\n\n\n<p class=\"wp-block-paragraph\">Conforme explica <a href=\"https:\/\/www.gov.br\/inpi\/pt-br\/acesso-a-informacao\/perguntas-frequentes\/marcas\">o pr\u00f3prio INPI<\/a>, a marca registrada garante ao titular propriedade e uso exclusivo em todo o territ\u00f3rio nacional, dentro dos limites da prote\u00e7\u00e3o concedida. Portanto, a empresa precisa separar tr\u00eas decis\u00f5es:<\/p>\n\n\n\n<ul class=\"wp-block-list\">\n<li>usar as redes sociais para relacionamento e alcance;<\/li>\n\n\n\n<li>manter um site pr\u00f3prio para autoridade e controle;<\/li>\n\n\n\n<li>buscar o registro no INPI para proteger juridicamente a marca.<\/li>\n<\/ul>\n\n\n\n<p class=\"wp-block-paragraph\">Essas medidas se complementam. Contudo, uma n\u00e3o substitui a outra. Registrar um dom\u00ednio n\u00e3o significa obter a propriedade da marca. Da mesma forma, ter milhares de seguidores n\u00e3o garante exclusividade sobre o nome.<\/p>\n\n\n\n<p class=\"wp-block-paragraph\">Por essa raz\u00e3o, vale fazer uma busca de anterioridade antes de investir muito em divulga\u00e7\u00e3o. Caso exista uma marca semelhante no mesmo segmento, o neg\u00f3cio pode enfrentar limita\u00e7\u00f5es ou conflitos. A an\u00e1lise deve considerar o nome, a atividade e as classes envolvidas.<\/p>\n\n\n\n<p class=\"wp-block-paragraph\">Inclusive, o Blog Marcas J\u00e1 j\u00e1 explica por que <a href=\"https:\/\/marcasja.com.br\/blog\/ter-o-dominio-com-br-garante-minha-marca-por-que-a-resposta-e-nao\/\">ter um dom\u00ednio n\u00e3o garante o direito sobre a marca<\/a>. A mesma l\u00f3gica merece aten\u00e7\u00e3o ao criar perfis nas redes sociais.<\/p>\n\n\n\n<h2 class=\"wp-block-heading\">EXEMPLO PR\u00c1TICO: UMA CONSULTORIA QUE VENDE PELO INSTAGRAM<\/h2>\n\n\n\n<p class=\"wp-block-paragraph\">Imagine uma consultoria que come\u00e7ou publicando dicas no Instagram. A princ\u00edpio, o perfil era suficiente. Os primeiros clientes vinham por indica\u00e7\u00e3o e enviavam mensagens diretamente.<\/p>\n\n\n\n<p class=\"wp-block-paragraph\">Com o crescimento, por\u00e9m, surgiram novas necessidades. As pessoas queriam conhecer os servi\u00e7os, comparar planos e entender a experi\u00eancia da equipe. Al\u00e9m disso, muitas perguntas se repetiam.<\/p>\n\n\n\n<p class=\"wp-block-paragraph\">Nesse cen\u00e1rio, o site passou a organizar as informa\u00e7\u00f5es. Cada servi\u00e7o ganhou uma p\u00e1gina, os conte\u00fados foram reunidos em um blog e os contatos chegaram por formul\u00e1rios. Ao mesmo tempo, o Instagram continuou atraindo e relacionando o p\u00fablico.<\/p>\n\n\n\n<p class=\"wp-block-paragraph\">Entretanto, ainda faltava verificar a situa\u00e7\u00e3o do nome no INPI. Depois de investir em identidade visual e divulga\u00e7\u00e3o, descobrir um conflito seria muito mais caro. Portanto, a prote\u00e7\u00e3o jur\u00eddica precisava acompanhar a expans\u00e3o digital.<\/p>\n\n\n\n<p class=\"wp-block-paragraph\">Esse exemplo mostra que autoridade n\u00e3o nasce de um \u00fanico canal. Ela resulta de uma estrutura coerente, acess\u00edvel e protegida.<\/p>\n\n\n\n<h2 class=\"wp-block-heading\">COMO DECIDIR ONDE INVESTIR PRIMEIRO?<\/h2>\n\n\n\n<p class=\"wp-block-paragraph\">Se o or\u00e7amento estiver limitado, a empresa pode come\u00e7ar com uma estrutura simples. Contudo, deve evitar construir toda a opera\u00e7\u00e3o em uma \u00fanica plataforma.<\/p>\n\n\n\n<p class=\"wp-block-paragraph\">Primeiramente, verifique se o nome escolhido apresenta condi\u00e7\u00f5es de registro. Em seguida, reserve o dom\u00ednio e os principais nomes de usu\u00e1rio. Depois, organize uma p\u00e1gina clara com informa\u00e7\u00f5es essenciais sobre o neg\u00f3cio.<\/p>\n\n\n\n<p class=\"wp-block-paragraph\">Ao mesmo tempo, use o Instagram para gerar conversas e distribuir conte\u00fado. Dessa maneira, cada canal cumpre uma tarefa espec\u00edfica desde o in\u00edcio.<\/p>\n\n\n\n<p class=\"wp-block-paragraph\">Tamb\u00e9m \u00e9 importante observar o tipo de compra. Servi\u00e7os mais complexos exigem explica\u00e7\u00f5es detalhadas. Nesse caso, o site ganha ainda mais relev\u00e2ncia. J\u00e1 produtos de compra r\u00e1pida podem gerar grande parte do interesse nas redes sociais, mas ainda se beneficiam de uma base pr\u00f3pria.<\/p>\n\n\n\n<h2 class=\"wp-block-heading\">CHECKLIST PARA UMA PRESEN\u00c7A DIGITAL MAIS FORTE<\/h2>\n\n\n\n<p class=\"wp-block-paragraph\">Antes de ampliar os investimentos, confira alguns pontos:<\/p>\n\n\n\n<ul class=\"wp-block-list\">\n<li>o nome da marca passou por uma busca de anterioridade;<\/li>\n\n\n\n<li>o pedido de registro foi planejado nas classes adequadas;<\/li>\n\n\n\n<li>o dom\u00ednio est\u00e1 registrado em nome da pessoa ou empresa correta;<\/li>\n\n\n\n<li>os acessos ao site e \u00e0s redes sociais est\u00e3o protegidos;<\/li>\n\n\n\n<li>o site explica com clareza o que a empresa oferece;<\/li>\n\n\n\n<li>o Instagram direciona usu\u00e1rios para p\u00e1ginas relevantes;<\/li>\n\n\n\n<li>a identidade visual \u00e9 coerente em todos os canais;<\/li>\n\n\n\n<li>os dados de contato est\u00e3o atualizados;<\/li>\n\n\n\n<li>a empresa n\u00e3o depende de apenas uma fonte de clientes.<\/li>\n<\/ul>\n\n\n\n<p class=\"wp-block-paragraph\">Al\u00e9m disso, revise essa estrutura conforme o neg\u00f3cio crescer. Novos produtos, servi\u00e7os ou p\u00fablicos podem exigir p\u00e1ginas, conte\u00fados e registros adicionais.<\/p>\n\n\n\n<h2 class=\"wp-block-heading\">CONCLUS\u00c3O: O MELHOR CANAL \u00c9 UMA ESTRUTURA COMBINADA<\/h2>\n\n\n\n<p class=\"wp-block-paragraph\">Em resumo, escolher entre <strong>site pr\u00f3prio ou Instagram<\/strong> n\u00e3o precisa ser uma decis\u00e3o definitiva. O Instagram favorece alcance, relacionamento e agilidade. Por outro lado, o site oferece controle, organiza\u00e7\u00e3o e profundidade.<\/p>\n\n\n\n<p class=\"wp-block-paragraph\">Portanto, uma presen\u00e7a digital forte combina os dois canais. A rede social leva a marca at\u00e9 as pessoas, enquanto o site ajuda a transformar curiosidade em confian\u00e7a.<\/p>\n\n\n\n<p class=\"wp-block-paragraph\">Ainda assim, autoridade digital e prote\u00e7\u00e3o jur\u00eddica s\u00e3o coisas diferentes. O registro no INPI continua essencial para proteger o nome ou sinal usado pela empresa, conforme o caso concreto. Por isso, antes de ampliar campanhas e exposi\u00e7\u00e3o, avalie a disponibilidade da marca e planeje sua prote\u00e7\u00e3o com orienta\u00e7\u00e3o especializada.<\/p>\n\n\n\n<p class=\"wp-block-paragraph\">E aqui no <a href=\"https:\/\/marcasja.com.br\/\" target=\"_blank\" rel=\"noreferrer noopener\">Marcas J\u00e1<\/a> voc\u00ea encontra uma empresa s\u00e9ria e que te entende. Sempre pensando em facilitar para voc\u00ea. Facilitamos tamb\u00e9m os meios de comunica\u00e7\u00e3o conosco.<\/p>\n\n\n\n<p class=\"wp-block-paragraph\">Voc\u00ea pode nos contatar atrav\u00e9s do <a href=\"https:\/\/marcasja.com.br\/\" target=\"_blank\" rel=\"noreferrer noopener\">nosso site<\/a>. Preenchendo os formul\u00e1rios dispon\u00edveis, onde vamos entrar em contato em at\u00e9 24h.<\/p>\n\n\n\n<p class=\"wp-block-paragraph\">Ou, para um atendimento imediato, nos chamar no WhatsApp. Basta clicar no link do WhatsApp dispon\u00edvel no <a rel=\"noreferrer noopener\" href=\"https:\/\/marcasja.com.br\/\" target=\"_blank\">nosso site<\/a>.<\/p>\n\n\n\n<p class=\"wp-block-paragraph\">Voc\u00ea tamb\u00e9m nos encontra nas redes sociais, como <a rel=\"noreferrer noopener\" href=\"https:\/\/www.instagram.com\/marcas_ja\/\" target=\"_blank\">Instagram<\/a>. Onde voc\u00ea tamb\u00e9m pode nos chamar por l\u00e1.<\/p>\n\n\n\n<p class=\"wp-block-paragraph\">E como um \u201cb\u00f4nus\u201d, basta preencher o formul\u00e1rio abaixo e aguardar nosso retorno.<\/p>\n\n\n\n<h5 class=\"wp-block-heading has-text-align-center\"><span style=\"color:#30d9c3\" class=\"has-inline-color\">SAIBA AQUI SE A SUA MARCA PODE SER REGISTRADA:<\/span><\/h5>\n\n\n\n<div class=\"wp-block-contact-form-7-contact-form-selector\"><div role=\"form\" class=\"wpcf7\" id=\"wpcf7-f559-o1\" lang=\"pt-BR\" dir=\"ltr\">\n<div class=\"screen-reader-response\"><p role=\"status\" aria-live=\"polite\" aria-atomic=\"true\"><\/p> <ul><\/ul><\/div>\n<form action=\"\/blog\/wp-json\/wp\/v2\/posts\/3797#wpcf7-f559-o1\" method=\"post\" class=\"wpcf7-form init\" novalidate=\"novalidate\" data-status=\"init\">\n<div style=\"display: none;\">\n<input type=\"hidden\" name=\"_wpcf7\" value=\"559\" \/>\n<input type=\"hidden\" name=\"_wpcf7_version\" value=\"5.3.2\" \/>\n<input type=\"hidden\" name=\"_wpcf7_locale\" value=\"pt_BR\" \/>\n<input type=\"hidden\" name=\"_wpcf7_unit_tag\" value=\"wpcf7-f559-o1\" \/>\n<input type=\"hidden\" name=\"_wpcf7_container_post\" value=\"0\" \/>\n<input type=\"hidden\" name=\"_wpcf7_posted_data_hash\" value=\"\" \/>\n<\/div>\n<p><span class=\"wpcf7-form-control-wrap nome\"><input type=\"text\" name=\"nome\" value=\"\" size=\"40\" class=\"wpcf7-form-control wpcf7-text wpcf7-validates-as-required field\" aria-required=\"true\" aria-invalid=\"false\" placeholder=\"Seu Nome\" \/><\/span><\/p>\n<p><span class=\"wpcf7-form-control-wrap email\"><input type=\"email\" name=\"email\" value=\"\" size=\"40\" class=\"wpcf7-form-control wpcf7-text wpcf7-email wpcf7-validates-as-required wpcf7-validates-as-email field\" aria-required=\"true\" aria-invalid=\"false\" placeholder=\"Seu E-mail\" \/><\/span><\/p>\n<p><span class=\"wpcf7-form-control-wrap tel\"><input type=\"tel\" name=\"tel\" value=\"\" size=\"40\" class=\"wpcf7-form-control wpcf7-text wpcf7-tel wpcf7-validates-as-required wpcf7-validates-as-tel field\" aria-required=\"true\" aria-invalid=\"false\" placeholder=\"Seu Telefone Com DDD\" \/><\/span><\/p>\n<p><span class=\"wpcf7-form-control-wrap marca\"><input type=\"text\" name=\"marca\" value=\"\" size=\"40\" class=\"wpcf7-form-control wpcf7-text wpcf7-validates-as-required field\" aria-required=\"true\" aria-invalid=\"false\" placeholder=\"Qual a sua Marca?\" \/><\/span><\/p>\n<p><span class=\"wpcf7-form-control-wrap atuacao\"><input type=\"text\" name=\"atuacao\" value=\"\" size=\"40\" class=\"wpcf7-form-control wpcf7-text wpcf7-validates-as-required field\" aria-required=\"true\" aria-invalid=\"false\" placeholder=\"Descreve sua \u00e1rea de atua\u00e7\u00e3o\" \/><\/span><\/p>\n<p><input type=\"submit\" value=\"Enviar\" class=\"wpcf7-form-control wpcf7-submit button\" \/><\/p>\n<div class=\"wpcf7-response-output\" aria-hidden=\"true\"><\/div><\/form><\/div><\/div>\n","protected":false},"excerpt":{"rendered":"<p>Escolher entre site pr\u00f3prio ou Instagram \u00e9 uma d\u00favida comum entre empreendedores. Afinal, os dois canais ajudam uma marca a aparecer, conversar com o p\u00fablico e conquistar clientes. No entanto, eles cumprem fun\u00e7\u00f5es diferentes. Para construir autoridade com mais seguran\u00e7a, o melhor caminho costuma ser combinar alcance nas redes sociais com uma estrutura digital pr\u00f3pria. [&hellip;]<\/p>\n","protected":false},"author":1,"featured_media":3799,"comment_status":"open","ping_status":"open","sticky":false,"template":"","format":"standard","meta":{"footnotes":""},"categories":[20],"tags":[571,572,12,592,591,83,78,79,565,566,424,423,612,535,536,57,420,441,498,559,560,107,71,74,281,283,280,279,567,568,569,24,49,93,593,595,594,173,111,110,497,496,133,25,48,495,41,157,547,155,156,295,421,123,442,554,553,102,188,555,598,265,70,418,599,264,596,597,77,53,268,298,212,117,256,378,4,5,341,343,45,267,122,500,499,118,50,54,55,56,214,106,105,552,166,425,562,564,419,266,228],"class_list":["post-3797","post","type-post","status-publish","format-standard","has-post-thumbnail","hentry","category-blog","tag-atencao-golpe","tag-atencao-redobrada-para-golpes","tag-busca-de-marca-inpi","tag-colidencia-entre-marcas","tag-colidencias","tag-como-procurar-marcas","tag-como-ser-dono-de-marca","tag-como-ser-dono-de-uma-marca","tag-crime","tag-crime-no-registro-de-marcas","tag-destituicao-de-procurador","tag-destituicao-ou-substituicao-de-procurador","tag-direito-autoral","tag-documentacao-da-marca","tag-documentos-da-marca","tag-documentos-de-registro-de-marca","tag-e-possivel-trocar-de-procurador","tag-estao-me-copiando","tag-estao-tentando-registrar-uma-marca-similar-a-minha","tag-estrategia","tag-estrategia-de-marca","tag-etapa-de-oposicao","tag-etapas-do-processo-de-registro-de-marca","tag-etapas-do-registro-de-marca","tag-formas-que-se-pode-perder-uma-marca","tag-formas-que-vcoe-pode-perder-sua-marca-mesmo-estando-registrada","tag-formas-que-voce-pode-perder-a-sua-marca","tag-formas-que-voce-pode-perder-sua-marca","tag-golpe","tag-golpe-no-registro-de-marcas","tag-golpes","tag-inpi","tag-inpi-marca","tag-inpi-para-registrar-marca","tag-investimento","tag-investir","tag-investir-na-marca","tag-manifestacao-a-oposicao","tag-manifestacao-contra-a-oposicao","tag-manifestacao-contra-oposicao","tag-marca-identica","tag-marca-igual","tag-marca-ja-registrada","tag-marca-registrada","tag-marca-registro","tag-marca-similar","tag-marcas-e-patentes","tag-marcas-nao-registraveis","tag-marcas-que-acabaram-virando-sinonimo-de-produto","tag-nao-pode-ser-registrado","tag-nao-pode-ser-registrado-como-marca","tag-nome-para-a-marca","tag-nomeacao-de-procurador","tag-nomes-de-marcas","tag-o-que-fazer","tag-oponente","tag-opor","tag-oposicao","tag-oposicao-de-marca","tag-opositor","tag-pode-ou-nao-pode-no-registro-de-marcas","tag-posso-registrar-quantas-marcas-por-cnpj","tag-processo-de-registro-de-marca","tag-procurador","tag-profissional","tag-quantas-marcas-posso-registrar-por-cnpj","tag-razao-social","tag-razao-social-e-nome-de-marca","tag-registrar-a-marca-para-ser-dono","tag-registrar-uma-marca","tag-registrar-uma-marcas-com-cnpj","tag-registre","tag-registre-a-sua-marca-de-forma-segura","tag-registre-sua-marca","tag-registre-uma-marca","tag-registro-de-expressao-de-propaganda","tag-registro-de-marca","tag-registro-de-marca-inpi","tag-registro-de-marca-para-festas","tag-registro-de-marca-para-festas-e-eventos","tag-registro-de-marcas","tag-registro-de-marcas-com-cnpj","tag-registro-de-marcas-com-o-mesmo-nome","tag-registro-de-marcas-identicas","tag-registro-de-marcas-iguais","tag-registro-de-marcas-no-inpi","tag-registro-marca","tag-registro-marca-inpi","tag-registro-marca-online","tag-registro-marca-online-inpi","tag-saiba-se-a-marca-que-voce-procura-esta-registrada","tag-se-alguem-se-opor-a-minha-marca","tag-se-eu-recever-uma-oposicao","tag-se-opor-a-uma-marca","tag-servicos-inpi","tag-substituicao-de-procurador","tag-taxas","tag-taxas-com-desconto","tag-troca-de-procurador","tag-um-cnpj-pode-ter-quantas-marcas","tag-usar-marca-registrada-e-crime","entry","has-media"],"yoast_head":"<!-- This site is optimized with the Yoast SEO plugin v24.0 - https:\/\/yoast.com\/wordpress\/plugins\/seo\/ -->\n<title>Site pr\u00f3prio ou Instagram: qual gera mais autoridade?<\/title>\n<meta name=\"description\" content=\"Site pr\u00f3prio ou Instagram: entenda como cada canal fortalece sua marca, gera autoridade e se conecta ao registro no INPI.\" \/>\n<meta name=\"robots\" content=\"index, follow, max-snippet:-1, max-image-preview:large, max-video-preview:-1\" \/>\n<link rel=\"canonical\" href=\"https:\/\/marcasja.com.br\/blog\/site-proprio-ou-so-instagram-onde-sua-marca-constroi-mais-autoridade\/\" \/>\n<meta property=\"og:locale\" content=\"pt_BR\" \/>\n<meta property=\"og:type\" content=\"article\" \/>\n<meta property=\"og:title\" content=\"Site pr\u00f3prio ou Instagram: qual gera mais autoridade?\" \/>\n<meta property=\"og:description\" content=\"Site pr\u00f3prio ou Instagram: entenda como cada canal fortalece sua marca, gera autoridade e se conecta ao registro no INPI.\" \/>\n<meta property=\"og:url\" content=\"https:\/\/marcasja.com.br\/blog\/site-proprio-ou-so-instagram-onde-sua-marca-constroi-mais-autoridade\/\" \/>\n<meta property=\"og:site_name\" content=\"Blog Marcas J\u00e1\" \/>\n<meta property=\"article:publisher\" content=\"https:\/\/www.facebook.com\/marcasjabrasil\/\" \/>\n<meta property=\"article:author\" content=\"https:\/\/www.facebook.com\/marcasjabrasil\/\" \/>\n<meta property=\"article:published_time\" content=\"2026-08-21T09:00:00+00:00\" \/>\n<meta property=\"article:modified_time\" content=\"2026-08-31T13:18:36+00:00\" \/>\n<meta property=\"og:image\" content=\"https:\/\/marcasja.com.br\/blog\/wp-content\/uploads\/2026\/08\/ChatGPT-Image-31-de-ago.-de-2026-10_17_32.png\" \/>\n\t<meta property=\"og:image:width\" content=\"1536\" \/>\n\t<meta property=\"og:image:height\" content=\"1024\" \/>\n\t<meta property=\"og:image:type\" content=\"image\/png\" \/>\n<meta name=\"author\" content=\"Mauricio Reis\" \/>\n<meta name=\"twitter:card\" content=\"summary_large_image\" \/>\n<meta name=\"twitter:creator\" content=\"@ja_marcas\" \/>\n<meta name=\"twitter:site\" content=\"@ja_marcas\" \/>\n<meta name=\"twitter:label1\" content=\"Escrito por\" \/>\n\t<meta name=\"twitter:data1\" content=\"Mauricio Reis\" \/>\n\t<meta name=\"twitter:label2\" content=\"Est. tempo de leitura\" \/>\n\t<meta name=\"twitter:data2\" content=\"10 minutos\" \/>\n<script type=\"application\/ld+json\" class=\"yoast-schema-graph\">{\"@context\":\"https:\/\/schema.org\",\"@graph\":[{\"@type\":\"Article\",\"@id\":\"https:\/\/marcasja.com.br\/blog\/site-proprio-ou-so-instagram-onde-sua-marca-constroi-mais-autoridade\/#article\",\"isPartOf\":{\"@id\":\"https:\/\/marcasja.com.br\/blog\/site-proprio-ou-so-instagram-onde-sua-marca-constroi-mais-autoridade\/\"},\"author\":{\"name\":\"Mauricio Reis\",\"@id\":\"https:\/\/marcasja.com.br\/blog\/#\/schema\/person\/abc9f65adc0a559d3f568c38cf4e0d71\"},\"headline\":\"SITE PR\u00d3PRIO OU S\u00d3 INSTAGRAM: ONDE SUA MARCA CONSTR\u00d3I MAIS AUTORIDADE?\",\"datePublished\":\"2026-08-21T09:00:00+00:00\",\"dateModified\":\"2026-08-31T13:18:36+00:00\",\"mainEntityOfPage\":{\"@id\":\"https:\/\/marcasja.com.br\/blog\/site-proprio-ou-so-instagram-onde-sua-marca-constroi-mais-autoridade\/\"},\"wordCount\":1953,\"commentCount\":0,\"publisher\":{\"@id\":\"https:\/\/marcasja.com.br\/blog\/#organization\"},\"image\":{\"@id\":\"https:\/\/marcasja.com.br\/blog\/site-proprio-ou-so-instagram-onde-sua-marca-constroi-mais-autoridade\/#primaryimage\"},\"thumbnailUrl\":\"https:\/\/marcasja.com.br\/blog\/wp-content\/uploads\/2026\/08\/ChatGPT-Image-31-de-ago.-de-2026-10_17_32.png\",\"keywords\":[\"aten\u00e7\u00e3o golpe\",\"aten\u00e7\u00e3o redobrada para golpes\",\"busca de marca inpi\",\"colid\u00eancia entre marcas\",\"colid\u00eancias\",\"como procurar marcas\",\"como ser dono de marca\",\"como ser dono de uma marca\",\"Crime\",\"Crime no registro de marcas\",\"destitui\u00e7\u00e3o de procurador\",\"destitui\u00e7\u00e3o ou substitui\u00e7\u00e3o de procurador\",\"direito autoral\",\"documenta\u00e7\u00e3o da marca\",\"documentos da marca\",\"Documentos de Registro de Marca\",\"\u00e9 possivel trocar de procurador\",\"est\u00e3o me copiando\",\"Est\u00e3o tentando registrar uma marca similar a minha\",\"estrat\u00e9gia\",\"estrat\u00e9gia de marca\",\"etapa de oposi\u00e7\u00e3o\",\"etapas do processo de registro de marca\",\"etapas do registro de marca\",\"Formas que se pode perder uma marca\",\"Formas que vco\u00ea pode perder sua marca mesmo estando registrada\",\"Formas que voc\u00ea pode perder a sua marca\",\"Formas que voc\u00ea pode perder sua marca\",\"golpe\",\"golpe no registro de marcas\",\"golpes\",\"inpi\",\"inpi marca\",\"inpi para registrar marca\",\"investimento\",\"investir\",\"investir na marca\",\"manifesta\u00e7\u00e3o \u00e0 oposi\u00e7\u00e3o\",\"manifesta\u00e7\u00e3o contra a oposi\u00e7\u00e3o.\",\"manifesta\u00e7\u00e3o contra oposi\u00e7\u00e3o\",\"marca id\u00eantica\",\"marca igual\",\"Marca Ja registrada\",\"marca registrada\",\"marca registro\",\"marca similar\",\"marcas e patentes\",\"marcas n\u00e3o registraveis\",\"marcas que acabaram virando sin\u00f4nimo de produto\",\"n\u00e3o pode ser registrado\",\"n\u00e3o pode ser registrado como marca\",\"Nome para a marca\",\"nomea\u00e7\u00e3o de procurador\",\"Nomes de marcas\",\"o que fazer\",\"oponente\",\"opor\",\"Oposi\u00e7\u00e3o\",\"oposi\u00e7\u00e3o de marca\",\"opositor\",\"pode ou n\u00e3o pode no registro de marcas\",\"Posso registrar quantas marcas por CNPJ\",\"processo de registro de marca\",\"Procurador\",\"profissional\",\"Quantas marcas posso registrar por CNPJ\",\"raz\u00e3o social\",\"raz\u00e3o social e nome de marca\",\"registrar a marca para ser dono\",\"registrar uma marca\",\"Registrar uma marcas com CNPJ\",\"registre\",\"registre a sua marca de forma segura\",\"Registre sua marca\",\"Registre uma marca\",\"registro de express\u00e3o de propaganda\",\"registro de marca\",\"registro de marca inpi\",\"registro de marca para festas\",\"registro de marca para festas e eventos\",\"registro de marcas\",\"Registro de marcas com CNPJ\",\"Registro de marcas com o mesmo nome\",\"registro de marcas id\u00eanticas\",\"registro de marcas iguais\",\"Registro de marcas no INPI\",\"registro marca\",\"registro marca inpi\",\"registro marca online\",\"registro marca online inpi\",\"Saiba se a marca que voc\u00ea procura est\u00e1 registrada\",\"Se algu\u00e9m se opor a minha marca\",\"Se eu recever uma oposi\u00e7\u00e3o\",\"se opor a uma marca\",\"servi\u00e7os inpi\",\"substitui\u00e7\u00e3o de procurador\",\"taxas\",\"taxas com desconto\",\"troca de procurador\",\"Um CNPJ pode ter quantas marcas\",\"Usar marca registrada \u00e9 crime\"],\"articleSection\":[\"Blog\"],\"inLanguage\":\"pt-BR\",\"potentialAction\":[{\"@type\":\"CommentAction\",\"name\":\"Comment\",\"target\":[\"https:\/\/marcasja.com.br\/blog\/site-proprio-ou-so-instagram-onde-sua-marca-constroi-mais-autoridade\/#respond\"]}]},{\"@type\":\"WebPage\",\"@id\":\"https:\/\/marcasja.com.br\/blog\/site-proprio-ou-so-instagram-onde-sua-marca-constroi-mais-autoridade\/\",\"url\":\"https:\/\/marcasja.com.br\/blog\/site-proprio-ou-so-instagram-onde-sua-marca-constroi-mais-autoridade\/\",\"name\":\"Site pr\u00f3prio ou Instagram: qual gera mais autoridade?\",\"isPartOf\":{\"@id\":\"https:\/\/marcasja.com.br\/blog\/#website\"},\"primaryImageOfPage\":{\"@id\":\"https:\/\/marcasja.com.br\/blog\/site-proprio-ou-so-instagram-onde-sua-marca-constroi-mais-autoridade\/#primaryimage\"},\"image\":{\"@id\":\"https:\/\/marcasja.com.br\/blog\/site-proprio-ou-so-instagram-onde-sua-marca-constroi-mais-autoridade\/#primaryimage\"},\"thumbnailUrl\":\"https:\/\/marcasja.com.br\/blog\/wp-content\/uploads\/2026\/08\/ChatGPT-Image-31-de-ago.-de-2026-10_17_32.png\",\"datePublished\":\"2026-08-21T09:00:00+00:00\",\"dateModified\":\"2026-08-31T13:18:36+00:00\",\"description\":\"Site pr\u00f3prio ou Instagram: entenda como cada canal fortalece sua marca, gera autoridade e se conecta ao registro no INPI.\",\"breadcrumb\":{\"@id\":\"https:\/\/marcasja.com.br\/blog\/site-proprio-ou-so-instagram-onde-sua-marca-constroi-mais-autoridade\/#breadcrumb\"},\"inLanguage\":\"pt-BR\",\"potentialAction\":[{\"@type\":\"ReadAction\",\"target\":[\"https:\/\/marcasja.com.br\/blog\/site-proprio-ou-so-instagram-onde-sua-marca-constroi-mais-autoridade\/\"]}]},{\"@type\":\"ImageObject\",\"inLanguage\":\"pt-BR\",\"@id\":\"https:\/\/marcasja.com.br\/blog\/site-proprio-ou-so-instagram-onde-sua-marca-constroi-mais-autoridade\/#primaryimage\",\"url\":\"https:\/\/marcasja.com.br\/blog\/wp-content\/uploads\/2026\/08\/ChatGPT-Image-31-de-ago.-de-2026-10_17_32.png\",\"contentUrl\":\"https:\/\/marcasja.com.br\/blog\/wp-content\/uploads\/2026\/08\/ChatGPT-Image-31-de-ago.-de-2026-10_17_32.png\",\"width\":1536,\"height\":1024,\"caption\":\"SITE PR\u00d3PRIO OU S\u00d3 INSTAGRAM: ONDE SUA MARCA CONSTR\u00d3I MAIS AUTORIDADE?\"},{\"@type\":\"BreadcrumbList\",\"@id\":\"https:\/\/marcasja.com.br\/blog\/site-proprio-ou-so-instagram-onde-sua-marca-constroi-mais-autoridade\/#breadcrumb\",\"itemListElement\":[{\"@type\":\"ListItem\",\"position\":1,\"name\":\"In\u00edcio\",\"item\":\"https:\/\/marcasja.com.br\/blog\/\"},{\"@type\":\"ListItem\",\"position\":2,\"name\":\"SITE PR\u00d3PRIO OU S\u00d3 INSTAGRAM: ONDE SUA MARCA CONSTR\u00d3I MAIS AUTORIDADE?\"}]},{\"@type\":\"WebSite\",\"@id\":\"https:\/\/marcasja.com.br\/blog\/#website\",\"url\":\"https:\/\/marcasja.com.br\/blog\/\",\"name\":\"Blog Marcas J\u00e1\",\"description\":\"Bem-vindo ao Blog do Marcas J\u00e1\",\"publisher\":{\"@id\":\"https:\/\/marcasja.com.br\/blog\/#organization\"},\"potentialAction\":[{\"@type\":\"SearchAction\",\"target\":{\"@type\":\"EntryPoint\",\"urlTemplate\":\"https:\/\/marcasja.com.br\/blog\/?s={search_term_string}\"},\"query-input\":{\"@type\":\"PropertyValueSpecification\",\"valueRequired\":true,\"valueName\":\"search_term_string\"}}],\"inLanguage\":\"pt-BR\"},{\"@type\":\"Organization\",\"@id\":\"https:\/\/marcasja.com.br\/blog\/#organization\",\"name\":\"Marcas J\u00e1\",\"url\":\"https:\/\/marcasja.com.br\/blog\/\",\"logo\":{\"@type\":\"ImageObject\",\"inLanguage\":\"pt-BR\",\"@id\":\"https:\/\/marcasja.com.br\/blog\/#\/schema\/logo\/image\/\",\"url\":\"https:\/\/marcasja.com.br\/blog\/wp-content\/uploads\/2024\/12\/marcasja-logotipo-1.png\",\"contentUrl\":\"https:\/\/marcasja.com.br\/blog\/wp-content\/uploads\/2024\/12\/marcasja-logotipo-1.png\",\"width\":882,\"height\":184,\"caption\":\"Marcas J\u00e1\"},\"image\":{\"@id\":\"https:\/\/marcasja.com.br\/blog\/#\/schema\/logo\/image\/\"},\"sameAs\":[\"https:\/\/www.facebook.com\/marcasjabrasil\/\",\"https:\/\/x.com\/ja_marcas\",\"https:\/\/www.instagram.com\/marcas_ja\/\",\"https:\/\/www.linkedin.com\/company\/marcas-j\u00e1\/about\/\"]},{\"@type\":\"Person\",\"@id\":\"https:\/\/marcasja.com.br\/blog\/#\/schema\/person\/abc9f65adc0a559d3f568c38cf4e0d71\",\"name\":\"Mauricio Reis\",\"image\":{\"@type\":\"ImageObject\",\"inLanguage\":\"pt-BR\",\"@id\":\"https:\/\/marcasja.com.br\/blog\/#\/schema\/person\/image\/\",\"url\":\"https:\/\/secure.gravatar.com\/avatar\/9efc15bfe869dc9cc08bfca1bd07277baa63740038b5c4716c87420c15b4f410?s=96&d=mm&r=g\",\"contentUrl\":\"https:\/\/secure.gravatar.com\/avatar\/9efc15bfe869dc9cc08bfca1bd07277baa63740038b5c4716c87420c15b4f410?s=96&d=mm&r=g\",\"caption\":\"Mauricio Reis\"},\"sameAs\":[\"https:\/\/marcasja.com.br\",\"https:\/\/www.facebook.com\/marcasjabrasil\/\",\"https:\/\/www.instagram.com\/marcas_ja\/\",\"https:\/\/www.linkedin.com\/company\/marcas-j\u00e1\/about\/\"]}]}<\/script>\n<!-- \/ Yoast SEO plugin. -->","yoast_head_json":{"title":"Site pr\u00f3prio ou Instagram: qual gera mais autoridade?","description":"Site pr\u00f3prio ou Instagram: entenda como cada canal fortalece sua marca, gera autoridade e se conecta ao registro no INPI.","robots":{"index":"index","follow":"follow","max-snippet":"max-snippet:-1","max-image-preview":"max-image-preview:large","max-video-preview":"max-video-preview:-1"},"canonical":"https:\/\/marcasja.com.br\/blog\/site-proprio-ou-so-instagram-onde-sua-marca-constroi-mais-autoridade\/","og_locale":"pt_BR","og_type":"article","og_title":"Site pr\u00f3prio ou Instagram: qual gera mais autoridade?","og_description":"Site pr\u00f3prio ou Instagram: entenda como cada canal fortalece sua marca, gera autoridade e se conecta ao registro no INPI.","og_url":"https:\/\/marcasja.com.br\/blog\/site-proprio-ou-so-instagram-onde-sua-marca-constroi-mais-autoridade\/","og_site_name":"Blog Marcas J\u00e1","article_publisher":"https:\/\/www.facebook.com\/marcasjabrasil\/","article_author":"https:\/\/www.facebook.com\/marcasjabrasil\/","article_published_time":"2026-08-21T09:00:00+00:00","article_modified_time":"2026-08-31T13:18:36+00:00","og_image":[{"width":1536,"height":1024,"url":"https:\/\/marcasja.com.br\/blog\/wp-content\/uploads\/2026\/08\/ChatGPT-Image-31-de-ago.-de-2026-10_17_32.png","type":"image\/png"}],"author":"Mauricio Reis","twitter_card":"summary_large_image","twitter_creator":"@ja_marcas","twitter_site":"@ja_marcas","twitter_misc":{"Escrito por":"Mauricio Reis","Est. tempo de leitura":"10 minutos"},"schema":{"@context":"https:\/\/schema.org","@graph":[{"@type":"Article","@id":"https:\/\/marcasja.com.br\/blog\/site-proprio-ou-so-instagram-onde-sua-marca-constroi-mais-autoridade\/#article","isPartOf":{"@id":"https:\/\/marcasja.com.br\/blog\/site-proprio-ou-so-instagram-onde-sua-marca-constroi-mais-autoridade\/"},"author":{"name":"Mauricio Reis","@id":"https:\/\/marcasja.com.br\/blog\/#\/schema\/person\/abc9f65adc0a559d3f568c38cf4e0d71"},"headline":"SITE PR\u00d3PRIO OU S\u00d3 INSTAGRAM: ONDE SUA MARCA CONSTR\u00d3I MAIS AUTORIDADE?","datePublished":"2026-08-21T09:00:00+00:00","dateModified":"2026-08-31T13:18:36+00:00","mainEntityOfPage":{"@id":"https:\/\/marcasja.com.br\/blog\/site-proprio-ou-so-instagram-onde-sua-marca-constroi-mais-autoridade\/"},"wordCount":1953,"commentCount":0,"publisher":{"@id":"https:\/\/marcasja.com.br\/blog\/#organization"},"image":{"@id":"https:\/\/marcasja.com.br\/blog\/site-proprio-ou-so-instagram-onde-sua-marca-constroi-mais-autoridade\/#primaryimage"},"thumbnailUrl":"https:\/\/marcasja.com.br\/blog\/wp-content\/uploads\/2026\/08\/ChatGPT-Image-31-de-ago.-de-2026-10_17_32.png","keywords":["aten\u00e7\u00e3o golpe","aten\u00e7\u00e3o redobrada para golpes","busca de marca inpi","colid\u00eancia entre marcas","colid\u00eancias","como procurar marcas","como ser dono de marca","como ser dono de uma marca","Crime","Crime no registro de marcas","destitui\u00e7\u00e3o de procurador","destitui\u00e7\u00e3o ou substitui\u00e7\u00e3o de procurador","direito autoral","documenta\u00e7\u00e3o da marca","documentos da marca","Documentos de Registro de Marca","\u00e9 possivel trocar de procurador","est\u00e3o me copiando","Est\u00e3o tentando registrar uma marca similar a minha","estrat\u00e9gia","estrat\u00e9gia de marca","etapa de oposi\u00e7\u00e3o","etapas do processo de registro de marca","etapas do registro de marca","Formas que se pode perder uma marca","Formas que vco\u00ea pode perder sua marca mesmo estando registrada","Formas que voc\u00ea pode perder a sua marca","Formas que voc\u00ea pode perder sua marca","golpe","golpe no registro de marcas","golpes","inpi","inpi marca","inpi para registrar marca","investimento","investir","investir na marca","manifesta\u00e7\u00e3o \u00e0 oposi\u00e7\u00e3o","manifesta\u00e7\u00e3o contra a oposi\u00e7\u00e3o.","manifesta\u00e7\u00e3o contra oposi\u00e7\u00e3o","marca id\u00eantica","marca igual","Marca Ja registrada","marca registrada","marca registro","marca similar","marcas e patentes","marcas n\u00e3o registraveis","marcas que acabaram virando sin\u00f4nimo de produto","n\u00e3o pode ser registrado","n\u00e3o pode ser registrado como marca","Nome para a marca","nomea\u00e7\u00e3o de procurador","Nomes de marcas","o que fazer","oponente","opor","Oposi\u00e7\u00e3o","oposi\u00e7\u00e3o de marca","opositor","pode ou n\u00e3o pode no registro de marcas","Posso registrar quantas marcas por CNPJ","processo de registro de marca","Procurador","profissional","Quantas marcas posso registrar por CNPJ","raz\u00e3o social","raz\u00e3o social e nome de marca","registrar a marca para ser dono","registrar uma marca","Registrar uma marcas com CNPJ","registre","registre a sua marca de forma segura","Registre sua marca","Registre uma marca","registro de express\u00e3o de propaganda","registro de marca","registro de marca inpi","registro de marca para festas","registro de marca para festas e eventos","registro de marcas","Registro de marcas com CNPJ","Registro de marcas com o mesmo nome","registro de marcas id\u00eanticas","registro de marcas iguais","Registro de marcas no INPI","registro marca","registro marca inpi","registro marca online","registro marca online inpi","Saiba se a marca que voc\u00ea procura est\u00e1 registrada","Se algu\u00e9m se opor a minha marca","Se eu recever uma oposi\u00e7\u00e3o","se opor a uma marca","servi\u00e7os inpi","substitui\u00e7\u00e3o de procurador","taxas","taxas com desconto","troca de procurador","Um CNPJ pode ter quantas marcas","Usar marca registrada \u00e9 crime"],"articleSection":["Blog"],"inLanguage":"pt-BR","potentialAction":[{"@type":"CommentAction","name":"Comment","target":["https:\/\/marcasja.com.br\/blog\/site-proprio-ou-so-instagram-onde-sua-marca-constroi-mais-autoridade\/#respond"]}]},{"@type":"WebPage","@id":"https:\/\/marcasja.com.br\/blog\/site-proprio-ou-so-instagram-onde-sua-marca-constroi-mais-autoridade\/","url":"https:\/\/marcasja.com.br\/blog\/site-proprio-ou-so-instagram-onde-sua-marca-constroi-mais-autoridade\/","name":"Site pr\u00f3prio ou Instagram: qual gera mais autoridade?","isPartOf":{"@id":"https:\/\/marcasja.com.br\/blog\/#website"},"primaryImageOfPage":{"@id":"https:\/\/marcasja.com.br\/blog\/site-proprio-ou-so-instagram-onde-sua-marca-constroi-mais-autoridade\/#primaryimage"},"image":{"@id":"https:\/\/marcasja.com.br\/blog\/site-proprio-ou-so-instagram-onde-sua-marca-constroi-mais-autoridade\/#primaryimage"},"thumbnailUrl":"https:\/\/marcasja.com.br\/blog\/wp-content\/uploads\/2026\/08\/ChatGPT-Image-31-de-ago.-de-2026-10_17_32.png","datePublished":"2026-08-21T09:00:00+00:00","dateModified":"2026-08-31T13:18:36+00:00","description":"Site pr\u00f3prio ou Instagram: entenda como cada canal fortalece sua marca, gera autoridade e se conecta ao registro no INPI.","breadcrumb":{"@id":"https:\/\/marcasja.com.br\/blog\/site-proprio-ou-so-instagram-onde-sua-marca-constroi-mais-autoridade\/#breadcrumb"},"inLanguage":"pt-BR","potentialAction":[{"@type":"ReadAction","target":["https:\/\/marcasja.com.br\/blog\/site-proprio-ou-so-instagram-onde-sua-marca-constroi-mais-autoridade\/"]}]},{"@type":"ImageObject","inLanguage":"pt-BR","@id":"https:\/\/marcasja.com.br\/blog\/site-proprio-ou-so-instagram-onde-sua-marca-constroi-mais-autoridade\/#primaryimage","url":"https:\/\/marcasja.com.br\/blog\/wp-content\/uploads\/2026\/08\/ChatGPT-Image-31-de-ago.-de-2026-10_17_32.png","contentUrl":"https:\/\/marcasja.com.br\/blog\/wp-content\/uploads\/2026\/08\/ChatGPT-Image-31-de-ago.-de-2026-10_17_32.png","width":1536,"height":1024,"caption":"SITE PR\u00d3PRIO OU S\u00d3 INSTAGRAM: ONDE SUA MARCA CONSTR\u00d3I MAIS AUTORIDADE?"},{"@type":"BreadcrumbList","@id":"https:\/\/marcasja.com.br\/blog\/site-proprio-ou-so-instagram-onde-sua-marca-constroi-mais-autoridade\/#breadcrumb","itemListElement":[{"@type":"ListItem","position":1,"name":"In\u00edcio","item":"https:\/\/marcasja.com.br\/blog\/"},{"@type":"ListItem","position":2,"name":"SITE PR\u00d3PRIO OU S\u00d3 INSTAGRAM: ONDE SUA MARCA CONSTR\u00d3I MAIS AUTORIDADE?"}]},{"@type":"WebSite","@id":"https:\/\/marcasja.com.br\/blog\/#website","url":"https:\/\/marcasja.com.br\/blog\/","name":"Blog Marcas J\u00e1","description":"Bem-vindo ao Blog do Marcas J\u00e1","publisher":{"@id":"https:\/\/marcasja.com.br\/blog\/#organization"},"potentialAction":[{"@type":"SearchAction","target":{"@type":"EntryPoint","urlTemplate":"https:\/\/marcasja.com.br\/blog\/?s={search_term_string}"},"query-input":{"@type":"PropertyValueSpecification","valueRequired":true,"valueName":"search_term_string"}}],"inLanguage":"pt-BR"},{"@type":"Organization","@id":"https:\/\/marcasja.com.br\/blog\/#organization","name":"Marcas J\u00e1","url":"https:\/\/marcasja.com.br\/blog\/","logo":{"@type":"ImageObject","inLanguage":"pt-BR","@id":"https:\/\/marcasja.com.br\/blog\/#\/schema\/logo\/image\/","url":"https:\/\/marcasja.com.br\/blog\/wp-content\/uploads\/2024\/12\/marcasja-logotipo-1.png","contentUrl":"https:\/\/marcasja.com.br\/blog\/wp-content\/uploads\/2024\/12\/marcasja-logotipo-1.png","width":882,"height":184,"caption":"Marcas J\u00e1"},"image":{"@id":"https:\/\/marcasja.com.br\/blog\/#\/schema\/logo\/image\/"},"sameAs":["https:\/\/www.facebook.com\/marcasjabrasil\/","https:\/\/x.com\/ja_marcas","https:\/\/www.instagram.com\/marcas_ja\/","https:\/\/www.linkedin.com\/company\/marcas-j\u00e1\/about\/"]},{"@type":"Person","@id":"https:\/\/marcasja.com.br\/blog\/#\/schema\/person\/abc9f65adc0a559d3f568c38cf4e0d71","name":"Mauricio Reis","image":{"@type":"ImageObject","inLanguage":"pt-BR","@id":"https:\/\/marcasja.com.br\/blog\/#\/schema\/person\/image\/","url":"https:\/\/secure.gravatar.com\/avatar\/9efc15bfe869dc9cc08bfca1bd07277baa63740038b5c4716c87420c15b4f410?s=96&d=mm&r=g","contentUrl":"https:\/\/secure.gravatar.com\/avatar\/9efc15bfe869dc9cc08bfca1bd07277baa63740038b5c4716c87420c15b4f410?s=96&d=mm&r=g","caption":"Mauricio Reis"},"sameAs":["https:\/\/marcasja.com.br","https:\/\/www.facebook.com\/marcasjabrasil\/","https:\/\/www.instagram.com\/marcas_ja\/","https:\/\/www.linkedin.com\/company\/marcas-j\u00e1\/about\/"]}]}},"_links":{"self":[{"href":"https:\/\/marcasja.com.br\/blog\/wp-json\/wp\/v2\/posts\/3797","targetHints":{"allow":["GET"]}}],"collection":[{"href":"https:\/\/marcasja.com.br\/blog\/wp-json\/wp\/v2\/posts"}],"about":[{"href":"https:\/\/marcasja.com.br\/blog\/wp-json\/wp\/v2\/types\/post"}],"author":[{"embeddable":true,"href":"https:\/\/marcasja.com.br\/blog\/wp-json\/wp\/v2\/users\/1"}],"replies":[{"embeddable":true,"href":"https:\/\/marcasja.com.br\/blog\/wp-json\/wp\/v2\/comments?post=3797"}],"version-history":[{"count":2,"href":"https:\/\/marcasja.com.br\/blog\/wp-json\/wp\/v2\/posts\/3797\/revisions"}],"predecessor-version":[{"id":3800,"href":"https:\/\/marcasja.com.br\/blog\/wp-json\/wp\/v2\/posts\/3797\/revisions\/3800"}],"wp:featuredmedia":[{"embeddable":true,"href":"https:\/\/marcasja.com.br\/blog\/wp-json\/wp\/v2\/media\/3799"}],"wp:attachment":[{"href":"https:\/\/marcasja.com.br\/blog\/wp-json\/wp\/v2\/media?parent=3797"}],"wp:term":[{"taxonomy":"category","embeddable":true,"href":"https:\/\/marcasja.com.br\/blog\/wp-json\/wp\/v2\/categories?post=3797"},{"taxonomy":"post_tag","embeddable":true,"href":"https:\/\/marcasja.com.br\/blog\/wp-json\/wp\/v2\/tags?post=3797"}],"curies":[{"name":"wp","href":"https:\/\/api.w.org\/{rel}","templated":true}]}}